{"id":2246,"date":"2018-03-01T01:28:50","date_gmt":"2018-02-28T23:28:50","guid":{"rendered":"http:\/\/bardina.blog.pangea.org\/?p=2246"},"modified":"2018-03-01T01:28:50","modified_gmt":"2018-02-28T23:28:50","slug":"1-3-2018-dejuni-per-la-llibertat-dels-presos-politics-i-els-exiliats","status":"publish","type":"post","link":"https:\/\/bardina.blog.pangea.org\/eo\/2018\/03\/01\/1-3-2018-dejuni-per-la-llibertat-dels-presos-politics-i-els-exiliats\/","title":{"rendered":"(Catal\u00e0) 1-3-2018. Dejuni per la llibertat dels presos pol\u00edtics i els exiliats."},"content":{"rendered":"<p class=\"qtranxs-available-languages-message qtranxs-available-languages-message-eo\">Disculpa, per\u00f2 aquesta entrada est\u00e0 nom\u00e9s disponible en <a href=\"https:\/\/bardina.blog.pangea.org\/ca\/wp-json\/wp\/v2\/posts\/2246\" class=\"qtranxs-available-language-link qtranxs-available-language-link-ca\" title=\"Catal\u00e0\">Catal\u00e0<\/a> i <a href=\"https:\/\/bardina.blog.pangea.org\/es\/wp-json\/wp\/v2\/posts\/2246\" class=\"qtranxs-available-language-link qtranxs-available-language-link-es\" title=\"Castellano\">Castellano<\/a>.<\/p>","protected":false},"excerpt":{"rendered":"<p>Disculpa, per\u00f2 aquesta entrada est\u00e0 nom\u00e9s disponible en Catal\u00e0 i Castellano.<\/p>\n","protected":false},"author":1870,"featured_media":0,"comment_status":"open","ping_status":"open","sticky":false,"template":"","format":"standard","meta":{"_jetpack_memberships_contains_paid_content":false,"footnotes":""},"categories":[39205,252,39195,39184],"tags":[],"class_list":["post-2246","post","type-post","status-publish","format-standard","hentry","category-amnistia","category-barcelona","category-deju","category-independencia"],"views":246,"jetpack_featured_media_url":"","jetpack_sharing_enabled":true,"_links":{"self":[{"href":"https:\/\/bardina.blog.pangea.org\/eo\/wp-json\/wp\/v2\/posts\/2246","targetHints":{"allow":["GET"]}}],"collection":[{"href":"https:\/\/bardina.blog.pangea.org\/eo\/wp-json\/wp\/v2\/posts"}],"about":[{"href":"https:\/\/bardina.blog.pangea.org\/eo\/wp-json\/wp\/v2\/types\/post"}],"author":[{"embeddable":true,"href":"https:\/\/bardina.blog.pangea.org\/eo\/wp-json\/wp\/v2\/users\/1870"}],"replies":[{"embeddable":true,"href":"https:\/\/bardina.blog.pangea.org\/eo\/wp-json\/wp\/v2\/comments?post=2246"}],"version-history":[{"count":1,"href":"https:\/\/bardina.blog.pangea.org\/eo\/wp-json\/wp\/v2\/posts\/2246\/revisions"}],"predecessor-version":[{"id":2247,"href":"https:\/\/bardina.blog.pangea.org\/eo\/wp-json\/wp\/v2\/posts\/2246\/revisions\/2247"}],"wp:attachment":[{"href":"https:\/\/bardina.blog.pangea.org\/eo\/wp-json\/wp\/v2\/media?parent=2246"}],"wp:term":[{"taxonomy":"category","embeddable":true,"href":"https:\/\/bardina.blog.pangea.org\/eo\/wp-json\/wp\/v2\/categories?post=2246"},{"taxonomy":"post_tag","embeddable":true,"href":"https:\/\/bardina.blog.pangea.org\/eo\/wp-json\/wp\/v2\/tags?post=2246"}],"curies":[{"name":"wp","href":"https:\/\/api.w.org\/{rel}","templated":true}]}}