{"id":2358,"date":"2019-02-19T23:46:13","date_gmt":"2019-02-19T21:46:13","guid":{"rendered":"http:\/\/bardina.blog.pangea.org\/?p=2358"},"modified":"2019-02-19T23:46:14","modified_gmt":"2019-02-19T21:46:14","slug":"taula-rodona-a-valls-20-2-2019-entrevista-a-pepe-beunza-articles-de-lluis-planas-i-jorge-molinari-solucio-per-la-xylella-oferta-de-viatge-a-cuba","status":"publish","type":"post","link":"https:\/\/bardina.blog.pangea.org\/es\/2019\/02\/19\/taula-rodona-a-valls-20-2-2019-entrevista-a-pepe-beunza-articles-de-lluis-planas-i-jorge-molinari-solucio-per-la-xylella-oferta-de-viatge-a-cuba\/","title":{"rendered":"Mesa Redonda en Valls, 20-2-2019. Entrevista a Pepe Be\u00fanza. Art\u00edculos de Llu\u00eds Planas y Jorge Molinari. Soluci\u00f3n para la Xylella. Oferta de viaje a Cuba."},"content":{"rendered":"<p><span style=\"color: #330000\"><b>Sumario:<\/b><br \/>\n1. Presentaci\u00f3n.<br \/>\n2. Blog Xirinacs: \u00abValls, 20-2-2019. Jornadas de lucha no violenta\u00bb. Recordatorio.<br \/>\n3. Pepe Be\u00fanza: \u00abEra mejor ir a la prisi\u00f3n que a la mili\u00bb.<br \/>\n4. Web Bardina: \u00abEsperar a los pol\u00edticos o cambio de foco\u00bb, por Llu\u00eds Planas Herrero.<br \/>\n5. Blog \u00abAbordando eso gris, que parece la teor\u00eda\u00bb: \u00abMalevaje\u00bb, de Jorge Aniceto Molinari.<br \/>\n6. Web Bardina: \u00abUna casa alemana desarrolla un producto efectivo contra la Xylella\u00bb.<br \/>\n7. Institut Nova Hist\u00f2ria: Nuevo viaje a Cuba con Jordi Bilbeny del 26 de Marzo al 9 de Abril.<\/span><\/p>\n<p><b>1. Presentaci\u00f3n.<\/b><\/p>\n<p>&nbsp;<\/p>\n<div align=\"justify\">\n<p><span style=\"color: #330000\"> En este env\u00edo del Centro de Estudios Joan Bardina os recordamos que este mi\u00e9rcoles 20 de Febrero de 2019 se realiza en Valls una mesa redonda con la participaci\u00f3n, entre otras personas, de N\u00faria Roig, licenciada en filolog\u00eda y en filosof\u00eda y coordinadora de la Fundaci\u00f3n Randa\u00a0&#8211;\u00a0Llu\u00eds M. Xirinacs y de Mart\u00ed Olivella, autor del libro \u00ab<i>El poder del dinero<\/i>\u00bb y formador en lucha no violenta inteligente y activa.<\/span><\/p>\n<p><span style=\"color: #330000\"> A continuaci\u00f3n reproducimos una entrevista de \u00ab<i>El Punt Avui+<\/i>\u00bb a Pepe Be\u00fanza, quien fue el primer objetor de conciencia al servicio militar en el Estado espa\u00f1ol por motivos pol\u00edticos, explicando aquello que fue la red de solidaridad internacional que \u00e9l con otras personas vertebraron en tiempos del franquismo.<\/span><\/p>\n<p><span style=\"color: #330000\"> Llu\u00eds Planas aporta su propuesta dirigida en el pueblo catal\u00e1n en un art\u00edculo redactado por el medo \u00ab<i>Naci\u00f3n Digital<\/i>\u00bb.<\/span><\/p>\n<p><span style=\"color: #330000\"> Nuestro colaborador desde Uruguay, Jorge Aniceto Molinari, nos invita a una interesante reflexi\u00f3n a prop\u00f3sito de algunos individuos de la sociedad de su entorno, la pol\u00edtica y ciertos tangos de Carlos Gardel.<\/span><\/p>\n<p><span style=\"color: #330000\"> Las personas que trabajan en el campesinado y en el ciudado de las plantas les interesar\u00e1 conocer el art\u00edculo que recuperamos del rotativo \u00ab<i>La Opini\u00f3n de M\u00e1laga<\/i>\u00bb que informa que una casa alemana ha descubierto un remedio contra la plaga de la \u00ab<i>Xylella fastidiosa<\/i>\u00bb. Desde aqu\u00ed un saludo a las amistades de las comarcas catalanas de Les Garrigues, El Segri\u00e0 y La Noguera.<\/span><\/p>\n<p><span style=\"color: #330000\"> El fil\u00f3logo e historiador Jordi Bilbeny nos informa que la ma\u00f1ana del mi\u00e9rcoles, 20 de Febrero del 2019, finaliza la oportunidad para inscribirnos en un viaje en Cuba donde se recorrer\u00e1n los pasos de la presencia catalana en esta isla caribe\u00f1a.<\/span><\/p>\n<p><span style=\"color: #330000\"> Finalizamos inform\u00e1ndoos de un acontecimiento curioso. En la anterior entrega del Centro de Estudios Joan Bardina os inform\u00e1bamos de la recuperaci\u00f3n del art\u00edculo de Dario Fo, Franca Rame y Jacopo Fo sobre la experiencia del arquitecto y urbanista Jaime Lerner en la ciudad de Curitiba, en el Sur de Brasil.<\/span><\/p>\n<p><span style=\"color: #330000\"> Este art\u00edculo, que est\u00e1 disponible en nuestro sitio web en cinco idiomas (castellano, catal\u00e1n, ingl\u00e9s, franc\u00e9s e italiano), relata como Jaime Lerner convierte Curitiba en una isla peatonal y solidaria, afrontando diferentes retos con honestidad, creatividad y servicio a su propio pueblo. Es un buen ejemplo de pol\u00edtica \u00e9tica en un contexto donde las noticias de los medios llamados de informaci\u00f3n parece que den a entender que esto no es posible.<\/span><\/p>\n<p><span style=\"color: #330000\"> Pues recientemente hemos sabido que el gobierno de Venezuela ha anunciado un plan para recuperar y modernizar los espacios p\u00fablicos. No sabemos si la iniciativa venezolana ha estado fruto de la lectura de este art\u00edculo, o sencillamente fruto de una sincronicidad, pero creemos que es bueno que la publicaci\u00f3n de este art\u00edculo desvele en gobiernos y administraciones de todo el mundo seguir ejemplos equivalentes a los de Curitiba adaptados a la realidad de cada lugar, con independencia de la ideolog\u00eda de partida de los responsables pol\u00edticos y de la gente del pueblo a quien tienen que rendir cuentas de su actuaci\u00f3n.<\/span><\/p>\n<p><span style=\"color: #330000\"> Muchas gracias por compartir esta informaci\u00f3n.<\/span><\/p>\n<\/div>\n<p><span style=\"color: #330000\">\u00a0<\/span><\/p>\n<div align=\"right\"><span style=\"color: #330000\"> Equipo del Centro de Estudios Joan Bardina.<br \/>\n<a href=\"http:\/\/www.bardina.org\/nw2\/index-es.htm\">http:\/\/www.bardina.org\/nw2\/index-es.htm<\/a><br \/>\n<\/span><\/div>\n<p><span style=\"color: #330000\"><br \/>\n<b>2. Blog Xirinacs: \u00abValls, 20-2-2019. Jornadas de lucha no violenta\u00bb. Recordatorio.<\/b><\/span><\/p>\n<p>&nbsp;<\/p>\n<div align=\"justify\">\n<p><span style=\"color: #330000\"> Dentro del marco de las jornadas de lucha no violenta que se est\u00e1n celebrando en Valls, la capital de la comarca del Alt Camp en Catalu\u00f1a, el mes de Febrero del 2019, os informamos del siguiente acto:<\/span><\/p>\n<p><span style=\"color: #330000\"> Mi\u00e9rcoles, 20 de Febrero del 2019, 19h30&#8242;. Escuela Enxaneta.<\/span><\/p>\n<p><span style=\"color: #330000\"> Mesa redonda: \u00ab<i>La estrategia de la lucha no violenta para hacer efectiva la Rep\u00fablica Catalana<\/i>\u00bb.<\/span><\/p>\n<p><span style=\"color: #330000\"> Con <b>Mart\u00ed Olivella<\/b> (Novact), <b>N\u00faria Roig<\/b> (Fundaci\u00f3n Randa\u00a0&#8211;\u00a0Llu\u00eds M. Xirinacs), <b>Ignasi Termes<\/b> (\u00d2mnium Cultural) y <b>Joan Torres<\/b> (Assemblea Nacional Catalana).<\/span><\/p>\n<p><span style=\"color: #330000\"> #VallsPerLaRep\u00fablica<\/span><\/p>\n<p><span style=\"color: #330000\"> Ver programa completo en catal\u00e1n en:<\/span><\/p>\n<p><span style=\"color: #330000\"> <a href=\"http:\/\/www.xirinacs.org\/wp\/2019\/02\/08\/valls-febrer-2019-jornades-de-lluita-no-violenta\/\">http:\/\/www.xirinacs.org\/wp\/2019\/02\/08\/valls-febrer-2019-jornades-de-lluita-no-violenta\/<\/a><\/span><\/p>\n<\/div>\n<p><span style=\"color: #330000\"><br \/>\n<b>3. Pepe Be\u00fanza: \u00abEra mejor ir a la prisi\u00f3n que a la mili\u00bb.<\/b><\/span><\/p>\n<p>&nbsp;<\/p>\n<div align=\"justify\">\n<p><span style=\"color: #330000\"> Hemos introducido la entrevista a Pepe Be\u00fanza titulada \u00ab<i>Era mejor ir a la prisi\u00f3n que en la mili<\/i>\u00bb, publicada en el rotativo \u00ab<i>El Punt Avui+<\/i>\u00bb el domingo, 17 de Febrero del 2019.<\/span><\/p>\n<p><span style=\"color: #330000\"> <b>Pepe Be\u00fanza: \u00abEra mejor ir a la prisi\u00f3n que a la mili\u00bb.<\/b><\/span><\/p>\n<p><span style=\"color: #330000\"> \u00ab<i>Pepe Beunza, nacido a Ja\u00e9n en 1947, fue el primer objetor pol\u00edtico al servicio militar del Estado espa\u00f1ol. A los 72 a\u00f1os sigue dedicando esfuerzos a la desobediencia (&#8230;)<\/i>\u00bb.<\/span><\/p>\n<p><span style=\"color: #330000\"> <a href=\"http:\/\/www.bardina.org\/nw\/escrits\/pepe-beunza-era-mejor-ir-a-la-prision-que-a-la-mili-es.htm\">http:\/\/www.bardina.org\/nw\/escrits\/pepe-beunza-era-mejor-ir-a-la-prision-que-a-la-mili-es.htm<\/a><\/span><\/p>\n<p><span style=\"color: #330000\"> Agradecemos la colaboraci\u00f3n de Pepe Be\u00fanza, el primer objetor de conciencia al servicio militar en el Estado espa\u00f1ol por motivos pol\u00edticos, al conceder esta entrevista.<\/span><\/p>\n<\/div>\n<p><span style=\"color: #330000\"><br \/>\n<b>4. Web Bardina: \u00abEsperar a los pol\u00edticos o cambio de foco\u00bb, por Llu\u00eds Planas Herrero.<\/b><\/span><\/p>\n<p>&nbsp;<\/p>\n<div align=\"justify\">\n<p><span style=\"color: #330000\"> Hemos introducido el art\u00edculo titulado \u00ab<i>Esperar a los pol\u00edticos o cambio de foco<\/i>\u00bb, escrito por Llu\u00eds Planas Herrero, publicado en el rotativo digital \u00ab<i>Naci\u00f3 Digital<\/i>\u00bb el martes, 29 de Enero del 2019.<\/span><\/p>\n<p><span style=\"color: #330000\"> <b>Esperar a los pol\u00edticos o cambio de foco.<\/b><\/span><\/p>\n<p><span style=\"color: #330000\"> \u00ab<i>Urge un cambio de foco: sacarlo de una vez de los partidos y enfocarlo al pueblo, promoviendo la fase ciudadana constituyente desde las organizaciones sociales comprometidas con el proceso de emancipaci\u00f3n colectivo (&#8230;)<\/i>\u00bb.<\/span><\/p>\n<p><span style=\"color: #330000\"> <a href=\"http:\/\/www.bardina.org\/nw\/escrits\/lluis-planes-esperar-a-los-politicos-o-cambio-de-foco-es.htm\">http:\/\/www.bardina.org\/nw\/escrits\/lluis-planes-esperar-a-los-politicos-o-cambio-de-foco-es.htm<\/a><\/span><\/p>\n<p><span style=\"color: #330000\"> Agradecemos a Llu\u00eds Planas la redacci\u00f3n de este art\u00edculo.<\/span><\/p>\n<\/div>\n<p><span style=\"color: #330000\"><br \/>\n<b>5. Blog \u00abAbordando eso gris, que parece la teor\u00eda\u00bb: \u00abMalevaje\u00bb, de Jorge Aniceto Molinari.<\/b><\/span><\/p>\n<p>&nbsp;<\/p>\n<div align=\"justify\">\n<p><span style=\"color: #330000\"> Os informamos que hemos introducido en el blog \u00ab<i>Abordando eso gris, que parece la teor\u00eda<\/i>\u00bb, el art\u00edculo en castellano titulado \u00ab<i>Malevaje<\/i>\u00bb, accesible mediante el enlace siguiente:<\/span><\/p>\n<p><span style=\"color: #330000\"> <b>Malevaje.<\/b> Domingo, 10 de Febrero de 2019.<\/span><\/p>\n<p><span style=\"color: #330000\"> \u00ab<i>En las letras de los tangos, hay de todo, pero predomina toda una filosof\u00eda que vive y se realiza con grandes virtudes y defectos, en el com\u00fan de la gente. Es una llave formidable para comprender y estudiar la idiosincrasia y la historia de nuestra comunidad (&#8230;)<\/i>\u00bb.<\/span><\/p>\n<p><span style=\"color: #330000\"> <a href=\"http:\/\/eso-gris.blog.pangea.org\/2019\/02\/10\/malevaje\/\">http:\/\/eso-gris.blog.pangea.org\/2019\/02\/10\/malevaje\/<\/a><\/span><\/p>\n<p><span style=\"color: #330000\"> Agradecemos la colaboraci\u00f3n de Jorge Aniceto Molinari al proporcionarnos este art\u00edculo.<\/span><\/p>\n<\/div>\n<p><span style=\"color: #330000\"> <b>6. Web Bardina: \u00abUna casa alemana desarrolla un producto efectivo contra la Xylella\u00bb.<\/b><\/span><\/p>\n<p>&nbsp;<\/p>\n<div align=\"justify\">\n<p><span style=\"color: #330000\"> Hemos introducido el art\u00edculo titulado \u00ab<i>Una casa alemana desarrolla un producto efectivo contra la Xylella<\/i>\u00bb, escrito por el reportero Carlos Casado, para \u00ab<i>La Opini\u00f3n de M\u00e1laga<\/i>\u00bb, art\u00edculo publicado el domingo, 6 de Mayo de 2018.<\/span><\/p>\n<p><span style=\"color: #330000\"> <b>Una firma alemana desarrolla un producto efectivo contra la Xylella.<\/b><\/span><\/p>\n<p><span style=\"color: #330000\"> \u00ab<i>Los responsables de la entidad aseguran que los resultados son inmediatos, obteniendo brotes verdes en tan solo cinco semanas en olivos enfermos en la regi\u00f3n de Apulia, Italia (&#8230;)<\/i>\u00bb.<\/span><\/p>\n<p><span style=\"color: #330000\"> <a href=\"http:\/\/www.bardina.org\/nw\/escrits\/la-opinion-de-malaga-carlos-casado-una-firma-alemana-desarrolla-un-producto-efectivo-contra-la-xylella-es.htm\">http:\/\/www.bardina.org\/nw\/escrits\/la-opinion-de-malaga-carlos-casado-una-firma-alemana-desarrolla-un-producto-efectivo-contra-la-xylella-es.htm<\/a><\/span><\/p>\n<\/div>\n<p><span style=\"color: #330000\"> <b>7. Institut Nova Hist\u00f2ria: Nuevo viaje a Cuba con Jordi Bilbeny del 26 de Marzo al 9 de Abril.<\/b><\/span><\/p>\n<p>&nbsp;<\/p>\n<div align=\"justify\">\n<p><span style=\"color: #330000\"> (Compartimos con vosotros la propuesta de viaje a Cuba con el fil\u00f3logo e historiador Jordi Bilbeny, resiguiendo los pasos de la presencia catalana en esta isla caribe\u00f1a. Es una propuesta de inscripci\u00f3n que finaliza este mi\u00e9rcoles, 20 de Febrero del 2019 por la ma\u00f1ana).<\/span><\/p>\n<p><span style=\"color: #330000\"> Tal como ya sab\u00e9is, el a\u00f1o pasado comenzamos una nueva etapa con propuestas de viajes en todo el mundo donde los catalanes dejaron una impronta hist\u00f3rica profunda. As\u00ed, tomaron forma los viajes a Malta y Cuba.<\/span><\/p>\n<p><span style=\"color: #330000\"> Cada una de las propuestas cont\u00f3 con muy buena aceptaci\u00f3n por vuestra parte. Tanto es as\u00ed, que el primer circuito en Malta se tuvo que repetir un mes despu\u00e9s, atendiendo a la gran afluencia de p\u00fablico.<\/span><\/p>\n<p><span style=\"color: #330000\"> Gracias a vuestro inter\u00e9s, apoyo y empuje ahora repetimos el viaje a Cuba para reseguir los pasos de nuestros antepasados que fueron con Colom.<\/span><\/p>\n<p><span style=\"color: #330000\"> Despu\u00e9s de haber recogido alguna de las sugerencias de los pasajeros que el a\u00f1o pasado comenzaron esta aventura americana, ver\u00e9is que este a\u00f1o el itinerario es un poco m\u00e1s completo: lo hemos alargado tres d\u00edas para poder disfrutarlo a un ritmo m\u00e1s placiente.<\/span><\/p>\n<p><span style=\"color: #330000\"> M\u00e1s informaci\u00f3n en catal\u00e1n en:<\/span><\/p>\n<p><span style=\"color: #330000\"> <a href=\"https:\/\/www.inh.cat\/agenda\/Nou-viatge-a-Cuba-amb-En-Jordi-Bilbeny-del-26-de-marc-al-9-d'abril-2019-03-26\">https:\/\/www.inh.cat\/agenda\/Nou-viatge-a-Cuba-amb-En-Jordi-Bilbeny-del-26-de-marc-al-9-d&#8217;abril-2019-03-26<\/a><\/span><\/p>\n<p><span style=\"color: #330000\"> Muchas gracias por compartir esta informaci\u00f3n.<\/span><\/p>\n<\/div>\n<p><\/p>","protected":false},"excerpt":{"rendered":"<p>Sumario: 1. Presentaci\u00f3n. 2. Blog Xirinacs: \u00abValls, 20-2-2019. Jornadas de lucha no violenta\u00bb. Recordatorio. 3. Pepe Be\u00fanza: \u00abEra mejor ir a la prisi\u00f3n que a la mili\u00bb. 4. Web Bardina: \u00abEsperar a los pol\u00edticos o cambio de foco\u00bb, por Llu\u00eds &hellip; <a href=\"https:\/\/bardina.blog.pangea.org\/es\/2019\/02\/19\/taula-rodona-a-valls-20-2-2019-entrevista-a-pepe-beunza-articles-de-lluis-planas-i-jorge-molinari-solucio-per-la-xylella-oferta-de-viatge-a-cuba\/\">Sigue leyendo <span class=\"meta-nav\">&rarr;<\/span><\/a><\/p>\n","protected":false},"author":1870,"featured_media":0,"comment_status":"open","ping_status":"open","sticky":false,"template":"","format":"standard","meta":{"_jetpack_memberships_contains_paid_content":false,"footnotes":""},"categories":[19200,139228,139217,66273,139200,139197,139221,139198,139225,139206,139199,139201,139207,39114,18426,139223,139222,39215,139229,139230,18447,1089,18443,39125,39146,22722,139227,10950,39144,6820,139219,17903,17620,139196,39245,139226],"tags":[],"class_list":["post-2358","post","type-post","status-publish","format-standard","hentry","category-agricultura","category-alemanya","category-alt-camp","category-cuba","category-curitiba","category-dario-fo","category-el-segria","category-franca-rame","category-idiosincrasia","category-ignasi-termes","category-jacopo-fo","category-jaime-lerner","category-joan-torres","category-jordi-bilbeny","category-jorge-aniceto-molinari","category-la-noguera","category-les-garrigues","category-lluis-planes-herrero","category-malaga","category-malta","category-marti-olivella","category-musica","category-no-violencia","category-nuria-roig-esteve","category-objeccio-de-consciencia","category-pepe-beunza","category-plagues","category-politica","category-presons","category-salut","category-taules-rodones","category-textos-en-castellano","category-texts-en-catala","category-valls","category-venecuela","category-viatges"],"views":238,"jetpack_featured_media_url":"","jetpack_sharing_enabled":true,"_links":{"self":[{"href":"https:\/\/bardina.blog.pangea.org\/es\/wp-json\/wp\/v2\/posts\/2358","targetHints":{"allow":["GET"]}}],"collection":[{"href":"https:\/\/bardina.blog.pangea.org\/es\/wp-json\/wp\/v2\/posts"}],"about":[{"href":"https:\/\/bardina.blog.pangea.org\/es\/wp-json\/wp\/v2\/types\/post"}],"author":[{"embeddable":true,"href":"https:\/\/bardina.blog.pangea.org\/es\/wp-json\/wp\/v2\/users\/1870"}],"replies":[{"embeddable":true,"href":"https:\/\/bardina.blog.pangea.org\/es\/wp-json\/wp\/v2\/comments?post=2358"}],"version-history":[{"count":1,"href":"https:\/\/bardina.blog.pangea.org\/es\/wp-json\/wp\/v2\/posts\/2358\/revisions"}],"predecessor-version":[{"id":2359,"href":"https:\/\/bardina.blog.pangea.org\/es\/wp-json\/wp\/v2\/posts\/2358\/revisions\/2359"}],"wp:attachment":[{"href":"https:\/\/bardina.blog.pangea.org\/es\/wp-json\/wp\/v2\/media?parent=2358"}],"wp:term":[{"taxonomy":"category","embeddable":true,"href":"https:\/\/bardina.blog.pangea.org\/es\/wp-json\/wp\/v2\/categories?post=2358"},{"taxonomy":"post_tag","embeddable":true,"href":"https:\/\/bardina.blog.pangea.org\/es\/wp-json\/wp\/v2\/tags?post=2358"}],"curies":[{"name":"wp","href":"https:\/\/api.w.org\/{rel}","templated":true}]}}