{"id":2389,"date":"2019-06-19T00:00:58","date_gmt":"2019-06-18T22:00:58","guid":{"rendered":"https:\/\/bardina.blog.pangea.org\/?p=2389"},"modified":"2019-07-18T21:31:14","modified_gmt":"2019-07-18T19:31:14","slug":"presentacio-sis-nits-dagost-a-tarragona-i-figueres-articles-de-bea-talegon-eduard-punset-gonzalo-boye-lluis-ignasi-pastrana-icart-i-jorge-molinari","status":"publish","type":"post","link":"https:\/\/bardina.blog.pangea.org\/es\/2019\/06\/19\/presentacio-sis-nits-dagost-a-tarragona-i-figueres-articles-de-bea-talegon-eduard-punset-gonzalo-boye-lluis-ignasi-pastrana-icart-i-jorge-molinari\/","title":{"rendered":"Presentaci\u00f3n \u00abSis nits d\u2019agost\u00bb (\u00abSeis noches de agosto\u00bb) en Tarragona y Figueres. Art\u00edculos de Bea Taleg\u00f3n, Eduard Punset, Gonzalo Boye, Llu\u00eds-Ignasi Pastrana Icart y Jorge Molinari."},"content":{"rendered":"<p><span style=\"color: #330000\"><span style=\"font-size: large\"><b>Sumario:<\/b><\/span><br \/>\n<span style=\"font-size: large\">1. Presentaci\u00f3n.<\/span><br \/>\n<span style=\"font-size: large\">2. 19-6-2019. Presentaci\u00f3n \u00abSis nits d\u2019agost\u00bb (\u00abSeis noches de agosto\u00bb) en Tarragona.<\/span><br \/>\n<span style=\"font-size: large\">3. 20-6-2019. Presentaci\u00f3n \u00abSis nits d\u2019agost\u00bb (\u00abSeis noches de agosto\u00bb) en Figueres.<\/span><br \/>\n<span style=\"font-size: large\">4. Web Bardina: \u00abUn estudio demuestra el fraude electoral en las elecciones del 21D en Catalu\u00f1a\u00bb, por Beatriz Taleg\u00f3n.<\/span><br \/>\n<span style=\"font-size: large\">5. Web Bardina: \u00ab\u00bfPor qu\u00e9 me tengo que callar?\u00bb, por Eduard Punset.<\/span><br \/>\n<span style=\"font-size: large\">6. Web Bardina: \u00abAqu\u00ed no pasar\u00eda\u00bb, por Gonzalo Boye.<\/span><br \/>\n<span style=\"font-size: large\">7. Web Bardina: \u00abSilencio&#8230; Rebelaos\u00bb, por Llu\u00eds-Ignasi Pastrana Icart.<\/span><br \/>\n<span style=\"font-size: large\">8. Blog \u00abAbordando eso gris, que parece la teor\u00eda\u00bb: \u00abEl despu\u00e9s qu\u00e9\u00bb, \u00abComunistas&#8230;\u00bb, \u00abJos\u00e9 Pepe Mujica\u00bb y \u00abEl peso-real\u00bb, de Jorge Aniceto Molinari.<\/span><\/p>\n<p><span style=\"font-size: large\"><b>1. Presentaci\u00f3n.<\/b><\/span><\/p>\n<p><span style=\"font-size: large\">En este env\u00edo del Centro de Estudios Joan Bardina os anunciamos dos presentaciones consecutivas del libro \u00ab<i>Sis nits d\u2019agost<\/i>\u00bb (\u00ab<i>Seis noches de agosto<\/i>\u00bb) de Jordi Lara, libro que recrea los \u00faltimos seis d\u00edas de Llu\u00eds Maria Xirinacs. Las presentaciones est\u00e1n anunciadas una para el mi\u00e9rcoles 19 de Junio de 2019 en Tarragona y la otra el d\u00eda siguiente jueves 20 en Figueres.<\/span><\/p>\n<p><span style=\"font-size: large\">A continuaci\u00f3n, os ofrecemos un art\u00edculo redactado por Bea Taleg\u00f3n presentando un estudio donde se demostrar\u00eda que se habr\u00edan cometido varios actos de fraude electoral en las elecciones del 21 de Diciembre de 2018.<\/span><\/p>\n<p><span style=\"font-size: large\">Recordamos el recientemente desaparecido intelectual Eduard Punset con un escrito suyo del 9 de Noviembre de 2017 que no ha perdido nada su actualidad.<\/span><\/p>\n<p><span style=\"font-size: large\">El jurista Gonzalo Boye nos informa del proceso por el cual fue encarcelado injustamente el expresidente del Brasil Lula da Silva, cuando este intentaba volver a presentarse en unas elecciones presidenciales, en una forma de guerra judicial, llamada \u00ab<i>lawfare<\/i>\u00bb en ingl\u00e9s, que se ha impuesto como arma de guerra partidista contra los competidores pol\u00edticos.<\/span><\/p>\n<p><span style=\"font-size: large\">Despu\u00e9s, Llu\u00eds-Ignasi Pastrana Icart nos describe un resumen de las acciones del colectivo \u00ab<i>Silencio&#8230; Rebelaos<\/i>\u00bb ante las sedes judiciales de Tarragona y Madrid.<\/span><\/p>\n<p><span style=\"font-size: large\">Finalmente, nuestro colaborador en Uruguay, Jorge Aniceto Molinari, aporta cuatro nuevos art\u00edculos en castellano para su blog \u00ab<i>Abordando eso gris, que parece la teor\u00eda<\/i>\u00bb.<\/span><\/p>\n<p><span style=\"font-size: large\">En estos art\u00edculos de este exempleado bancario jubilado describe, entre otros temas, la carencia de propuestas pol\u00edticas concretas y efectivas de los partidos que puedan afrontar el graves problemas econ\u00f3micos actuales, teniendo en cuenta que el mismo Lenin lleg\u00f3 a prever que alg\u00fan d\u00eda los conglomerados empresariales alcanzar\u00edan un poder superior al de los mismos estados. Tal como dijo el fundador de nuestra entidad, Agust\u00ed Chalaux, la moneda es un factor clave para encarar ciertos problemas, como por ejemplo la evasi\u00f3n fiscal, que provoca un adelgazamiento de los presupuestos de los estados.<\/span><\/p>\n<p><span style=\"font-size: large\">Muchas gracias por compartir esta informaci\u00f3n.<\/span><\/p>\n<p><\/span><\/p>\n<div align=\"right\"><span style=\"color: #330000\"><span style=\"font-size: large\">Equipo del Centro de Estudios Joan Bardina.<\/span><\/span><br \/>\n<span style=\"color: #330000\"><span lang=\"zxx\"><u><a href=\"http:\/\/www.bardina.org\/nw2\/index-es.htm\"><span style=\"font-size: large\"><span lang=\"es-ES\">http:\/\/www.bardina.org\/nw2\/index-es.htm<\/span><\/span><\/a><\/u><\/span><\/span><\/div>\n<p><span style=\"color: #330000\"><br \/>\n<span style=\"font-size: large\"><b>2. 19-6-2019. Presentaci\u00f3n \u00ab<\/b><b>Sis nits d\u2019agost<\/b><b>\u00bb (\u00ab<\/b><b>Seis noches de agosto<\/b><b>\u00bb) en Tarragona.<\/b><\/span><\/p>\n<p><span style=\"font-size: large\">Homenaje a la figura de Llu\u00eds Maria Xirinacs.<\/span><\/p>\n<p><span style=\"font-size: large\">Con la intervenci\u00f3n de Jordi Lara, autor del libro \u00ab<i>Sis nits d\u2019agost<\/i>\u00bb (\u00ab<i>Seis noches de agosto<\/i>\u00bb).<\/span><\/p>\n<p><span style=\"font-size: large\">Concepci\u00f3 Benet, Profesora de lengua y literatura catalanas.<\/span><\/p>\n<p><span style=\"font-size: large\">Mi\u00e9rcoles, 19 de Junio de 2019.<\/span><\/p>\n<p><span style=\"font-size: large\">19 horas en la Sala de actos de la Biblioteca P\u00fablica de Tarragona. Calle Fortuny, 30.<\/span><\/p>\n<p><span style=\"font-size: large\">\u00d2mnium Cultural Tarragona. Lengua, cultura, pa\u00eds.<\/span><br \/>\n<span style=\"font-size: large\">Ediciones de 1984.<\/span><\/p>\n<p><span style=\"font-size: large\"><b>3. 20-6-2019. Presentaci\u00f3n \u00ab<\/b><b>Sis nits d\u2019agost<\/b><b>\u00bb (\u00ab<\/b><b>Seis noches de agosto<\/b><b>\u00bb) en Figueres.<\/b><\/span><\/p>\n<p><span style=\"font-size: large\">Ediciones de 1984 y la Biblioteca Fages de Climent os invitan a la presentaci\u00f3n de \u00ab<i>Sis nits d\u2019agost<\/i>\u00bb (\u00ab<i>Seis noches de agosto<\/i>\u00bb) de Jordi Lara. La novela misteriosa de Llu\u00eds Maria Xirinacs.<\/span><\/p>\n<p><span style=\"font-size: large\">La periodista Anna Teixidor conversar\u00e1 con el autor del libro, Jordi Lara.<\/span><\/p>\n<p><span style=\"font-size: large\">Jueves, 20 de Junio de 2019 a las 19 horas 30 minutos.<\/span><\/p>\n<p><span style=\"font-size: large\">Biblioteca Fages de Climent. Plaza del Sol, 11 (Figueres).<\/span><\/p>\n<p><span style=\"font-size: large\">Ayuntamiento de Figueres.<\/span><br \/>\n<span style=\"font-size: large\">Biblioteca Fages de Climent.<\/span><br \/>\n<span style=\"font-size: large\">Ediciones de 1984.<\/span><\/p>\n<p><span style=\"font-size: large\"><b>4. Web Bardina: \u00abUn estudio demuestra el fraude electoral en las elecciones del 21D en Catalu\u00f1a\u00bb, por Beatriz Taleg\u00f3n.<\/b><\/span><\/p>\n<p><span style=\"font-size: large\">Hemos introducido, dentro de los apartados de opini\u00f3n en castellano y en catal\u00e1n del sitio web del Centro de Estudios Joan Bardina, el art\u00edculo titulado \u00ab<i>Un estudio demuestra el fraude electoral en las elecciones del 21D en Catalu\u00f1a<\/i>\u00bb, escrito por Beatriz Taleg\u00f3n, publicado en el rotativo \u00ab<i>Diario 16<\/i>\u00bb, el lunes, 4 de Marzo del 2019.<\/span><\/p>\n<p><span style=\"font-size: large\">Un estudio demuestra el fraude electoral en las elecciones del 21D en Catalu\u00f1a.<\/span><\/p>\n<p><span style=\"font-size: large\"><span lang=\"es-ES\">\u00ab<\/span><\/span><em><span style=\"font-size: large\"><span lang=\"es-ES\">El economista David Ros ha demostrado en un informe c\u00f3mo el fraude electoral y la obstaculizaci\u00f3n del voto en las elecciones catalanas han desvirtuado la composici\u00f3n del Parlamento de Catalu\u00f1a (&#8230;)<\/span><\/span><\/em><span style=\"font-size: large\"><span lang=\"es-ES\">\u00bb.<\/span><\/span><\/p>\n<p><span lang=\"zxx\"><u><a href=\"http:\/\/www.bardina.org\/nw\/escrits\/diario-16-beatriz-talegon-un-estudio-demuestra-el-fraude-electoral-en-las-elecciones-del-21d-en-cataluna-es.htm\"><span style=\"font-size: large\"><span lang=\"es-ES\">http:\/\/www.bardina.org\/nw\/escrits\/diario-16-beatriz-talegon-un-estudio-demuestra-el-fraude-electoral-en-las-elecciones-del-21d-en-cataluna-es.htm<\/span><\/span><\/a><\/u><\/span><\/p>\n<p><span style=\"font-size: large\"><b>5. Web Bardina: \u00ab\u00bfPor qu\u00e9 me tengo que callar?\u00bb, por Eduard Punset.<\/b><\/span><\/p>\n<p><span style=\"font-size: large\">Hemos introducido, dentro de los apartados de opini\u00f3n en castellano y en catal\u00e1n, el art\u00edculo titulado \u00ab<i>\u00bfPor qu\u00e9 me tengo que callar?<\/i>\u00bb, escrito por Eduard Punset, publicado al rotativo \u00ab<i>La Vanguardia<\/i>\u00bb, el jueves, 9 de Noviembre de 2017.<\/span><\/p>\n<p><span style=\"font-size: large\">\u00bfPor qu\u00e9 me tengo que callar?<\/span><\/p>\n<p><span style=\"font-size: large\"><span lang=\"es-ES\">\u00ab<\/span><\/span><em><span style=\"font-size: large\"><span lang=\"es-ES\">Por primera vez en mucho tiempo, recuerdo los primeros diez a\u00f1os de mis ya largos ochenta y uno, cuyo aniversario celebro justo hoy, (&#8230;)<\/span><\/span><\/em><span style=\"font-size: large\"><span lang=\"es-ES\">\u00bb.<\/span><\/span><\/p>\n<p><span lang=\"zxx\"><u><a href=\"http:\/\/www.bardina.org\/nw\/escrits\/la-vanguardia-eduard-punset-por-que-me-tengo-que-callar-es.htm\"><span style=\"font-size: large\"><span lang=\"es-ES\">http:\/\/www.bardina.org\/nw\/escrits\/la-vanguardia-eduard-punset-por-que-me-tengo-que-callar-es.htm<\/span><\/span><\/a><\/u><\/span><\/p>\n<p><span style=\"font-size: large\"><b>6. Web Bardina: \u00abAqu\u00ed no pasar\u00eda\u00bb, por Gonzalo Boye.<\/b><\/span><\/p>\n<p><span style=\"font-size: large\">Hemos introducido, dentro de los apartados de opini\u00f3n en castellano y en catal\u00e1n, el art\u00edculo titulado \u00ab<i>Aqu\u00ed no pasar\u00eda<\/i>\u00bb, escrito por Gonzalo Boye, publicado en el medio digital \u00ab<i>El Nacional<\/i>\u00bb, el viernes, 14 de Junio de 2019.<\/span><\/p>\n<p><span style=\"font-size: large\">Aqu\u00ed no pasar\u00eda.<\/span><\/p>\n<p><span style=\"font-size: large\"><span lang=\"es-ES\">\u00ab<\/span><\/span><em><span style=\"font-size: large\"><span lang=\"es-ES\">A trav\u00e9s del magn\u00edfico trabajo de los periodistas de \u00abThe Intercept\u00bb Glenn Greenwald y Victor Pougy, hemos podido descubrir la trama corrupta, y golpista, existente en el Brasil mediante la cual (&#8230;)<\/span><\/span><\/em><span style=\"font-size: large\"><span lang=\"es-ES\">\u00bb.<\/span><\/span><\/p>\n<p><span lang=\"zxx\"><u><a href=\"http:\/\/www.bardina.org\/nw\/escrits\/el-nacional-gonzalo-boye-aqui-no-pasaria-es.htm\"><span style=\"font-size: large\"><span lang=\"es-ES\">http:\/\/www.bardina.org\/nw\/escrits\/el-nacional-gonzalo-boye-aqui-no-pasaria-es.htm<\/span><\/span><\/a><\/u><\/span><\/p>\n<p><span style=\"font-size: large\"><b>7. Web Bardina: \u00abSilencio&#8230; Rebelaos\u00bb, por Llu\u00eds-Ignasi Pastrana Icart.<\/b><\/span><\/p>\n<p><span style=\"font-size: large\">Hemos introducido, dentro de los apartados de opini\u00f3n en castellano y en catal\u00e1n, el art\u00edculo titulado \u00ab<i>Silenci&#8230; Rebel\u00b7leu-vos<\/i>\u00bb (\u00ab<i>Silencio&#8230; Rebelaos<\/i>\u00bb), escrito por Llu\u00eds-Ignasi Pastrana Icart, publicado en el diario digital \u00ab<i>El Punt Avui+<\/i>\u00bb, el martes, 18 de Junio de 2019.<\/span><\/p>\n<p><span style=\"font-size: large\">Agradecemos a Mart\u00ed Olivella el env\u00edo de la informaci\u00f3n del art\u00edculo original.<\/span><\/p>\n<p><span style=\"font-size: large\">Silencio&#8230; Rebelaos.<\/span><\/p>\n<p><span style=\"font-size: large\"><span lang=\"es-ES\">\u00ab<\/span><\/span><em><span style=\"font-size: large\"><span lang=\"es-ES\">La acci\u00f3n de \u00abSilencio&#8230; Rebelaos\u00bb, en buena parte, est\u00e1 inspirada en la frase de Luther King \u00abLa mayor tragedia no es la brutalidad de los hombres malos, sino (&#8230;)<\/span><\/span><\/em><span style=\"font-size: large\"><span lang=\"es-ES\">\u00bb.<\/span><\/span><\/p>\n<p><a href=\"http:\/\/www.bardina.org\/nw\/escrits\/lluis-ignasi-pastrana-icart-silencio-rebelaos-es.htm\"><span style=\"font-size: large\"><span lang=\"es-ES\">http:\/\/www.bardina.org\/nw\/escrits\/lluis-ignasi-pastrana-icart-silencio-rebelaos-es.htm<\/span><\/span><\/a><\/p>\n<p><span style=\"font-size: large\"><b>8<\/b><b>. Blog \u00abAbordando eso gris, que parece la teor\u00eda\u00bb: \u00abEl despu\u00e9s qu\u00e9\u00bb, \u00abComunistas&#8230;\u00bb, \u00abJos\u00e9 Pepe Mujica\u00bb y \u00ab<\/b><b>El peso-real<\/b><b>\u00bb, de Jorge Aniceto Molinari.<\/b><\/span><\/p>\n<p><span style=\"font-size: large\">Os informamos que hemos introducido en el blog \u00ab<i>Abordando eso gris, que parece la teor\u00eda<\/i>\u00bb, los art\u00edculos en castellano titulados \u00ab<i>El despu\u00e9s qu\u00e9<\/i>\u00bb, \u00ab<i>Comunistas&#8230;<\/i>\u00bb, \u00ab<i>Jos\u00e9 Pepe Mujica<\/i>\u00bb y \u00ab<i>El peso-real<\/i>\u00bb accesibles mediante los enlaces siguientes:<\/span><\/p>\n<p><span style=\"font-size: large\">\u00abEl despu\u00e9s qu\u00e9\u00bb. Lunes, 20 de Mayo de 2019.<\/span><\/p>\n<p><span style=\"font-size: large\">\u00ab<i>En el mundo actual se puede decir, que son muy pocos los gobiernos que hoy saben que van a hacer a la ma\u00f1ana siguiente. Los propios complejos empresariales multinacionales que en pugna gobiernan el mundo preguntados por una perspectiva a mediano y largo plazo su respuesta sin dudas que estar\u00eda tambi\u00e9n llena de interrogantes e incertidumbres (&#8230;)<\/i>\u00bb.<\/span><\/p>\n<p><span lang=\"zxx\"><u><a href=\"http:\/\/eso-gris.blog.pangea.org\/2019\/05\/20\/el-despues-que\/\"><span style=\"font-size: large\"><span lang=\"es-ES\">http:\/\/eso-gris.blog.pangea.org\/2019\/05\/20\/el-despues-que\/<\/span><\/span><\/a><\/u><\/span><\/p>\n<p><span style=\"font-size: large\">\u00abComunistas&#8230;\u00bb. Martes, 28 de Mayo de 2019.<\/span><\/p>\n<p><span style=\"font-size: large\">\u00ab<i>En 1781, (no hace tanto tiempo, para un ser humano es mucho, para una sociedad apenas un suspiro en el tiempo) la revoluci\u00f3n francesa con libertad, fraternidad e igualdad, conmov\u00eda las bases feudales de la sociedad y hac\u00eda del desarrollo de la naciente burgues\u00eda un nuevo centro para el desarrollo del aparato productivo de la humanidad (&#8230;)<\/i>\u00bb.<\/span><\/p>\n<p><span lang=\"zxx\"><u><a href=\"http:\/\/eso-gris.blog.pangea.org\/2019\/05\/28\/comunistas\/\"><span style=\"font-size: large\"><span lang=\"es-ES\">http:\/\/eso-gris.blog.pangea.org\/2019\/05\/28\/comunistas\/<\/span><\/span><\/a><\/u><\/span><\/p>\n<p><span style=\"font-size: large\">\u00abJos\u00e9 Pepe Mujica\u00bb. S\u00e1bado, 1 de Junio de 2019.<\/span><\/p>\n<p><span style=\"font-size: large\">\u00ab<i>Cuando en setiembre del 2013, el entonces Presidente Jos\u00e9 Mujica, hac\u00eda su exposici\u00f3n ante la Asamblea General de las Naciones Unidas (ONU), no fueron pocos los amigos que me felicitaban porque el Presidente de la Rep\u00fablica hab\u00eda abordado a nivel del mundo aquellos puntos por los cuales ven\u00eda bregando en cada una de las oportunidades que me era posible (&#8230;)<\/i>\u00bb.<\/span><\/p>\n<p><span lang=\"zxx\"><u><a href=\"http:\/\/eso-gris.blog.pangea.org\/2019\/06\/01\/jose-pepe-mujica\/\"><span style=\"font-size: large\"><span lang=\"es-ES\">http:\/\/eso-gris.blog.pangea.org\/2019\/06\/01\/jose-pepe-mujica\/<\/span><\/span><\/a><\/u><\/span><\/p>\n<p><span style=\"font-size: large\">\u00abEl peso-real\u00bb. S\u00e1bado, 8 de Junio de 2019.<\/span><\/p>\n<p><span style=\"font-size: large\">\u00ab<i>Se reunieron el Presidente de Argentina, Ing. Mauricio Macri y de Brasil, Sr. Jair Bolsonaro \u2013creo que tiene grado militar\u2013 y anunciaron que van a crear el \u00abpeso-real\u00bb como medida monetaria com\u00fan entre ambos pa\u00edses, invitando adem\u00e1s a Uruguay y Paraguay, con la aspiraci\u00f3n de que cuando sea derrocado el Presidente Constitucional Nicol\u00e1s Maduro, se incorpore Venezuela. Ni siquiera hablan de elecciones, que es precisamente lo que les preocupa en sus respectivos pa\u00edses (&#8230;)<\/i>\u00bb.<\/span><\/p>\n<p><span lang=\"zxx\"><u><a href=\"http:\/\/eso-gris.blog.pangea.org\/2019\/06\/08\/el-peso-real\/\"><span style=\"font-size: large\"><span lang=\"es-ES\">http:\/\/eso-gris.blog.pangea.org\/2019\/06\/08\/el-peso-real\/<\/span><\/span><\/a><\/u><\/span><\/p>\n<p><span style=\"font-size: large\">Agradecemos la colaboraci\u00f3n de Jorge Aniceto Molinari al proporcionarnos estos art\u00edculos.<\/span><\/p>\n<p><span style=\"font-size: large\">Muchas gracias por compartir esta informaci\u00f3n.<\/span><\/span><\/p>","protected":false},"excerpt":{"rendered":"<p>Sumario: 1. Presentaci\u00f3n. 2. 19-6-2019. Presentaci\u00f3n \u00abSis nits d\u2019agost\u00bb (\u00abSeis noches de agosto\u00bb) en Tarragona. 3. 20-6-2019. Presentaci\u00f3n \u00abSis nits d\u2019agost\u00bb (\u00abSeis noches de agosto\u00bb) en Figueres. 4. Web Bardina: \u00abUn estudio demuestra el fraude electoral en las elecciones del &hellip; <a href=\"https:\/\/bardina.blog.pangea.org\/es\/2019\/06\/19\/presentacio-sis-nits-dagost-a-tarragona-i-figueres-articles-de-bea-talegon-eduard-punset-gonzalo-boye-lluis-ignasi-pastrana-icart-i-jorge-molinari\/\">Sigue leyendo <span class=\"meta-nav\">&rarr;<\/span><\/a><\/p>\n","protected":false},"author":106,"featured_media":0,"comment_status":"open","ping_status":"open","sticky":false,"template":"","format":"standard","meta":{"_jetpack_memberships_contains_paid_content":false,"footnotes":""},"categories":[274,139326,39147,139319,473,22366,53518,139327,270,139320,139331,39156,139318,139333,139321,41155,122902,139252,18426,139322,19713,10572,41829,18452,139323,76784,12500,39218,49203,48163,18443,5781,139336,18115,8162,17903,17620,139328,39154,39245,139329,139325],"tags":[],"class_list":["post-2389","post","type-post","status-publish","format-standard","hentry","category-agusti-chalaux","category-anna-teixidor","category-argentina","category-beatriz-talegon-ramos","category-brasil","category-catalunya","category-comunisme","category-diario-16","category-economia","category-eduard-punset-casals","category-el-punt-avui","category-eleccions","category-figueres","category-fraternitat","category-gonzalo-boye-tusset","category-igualtat","category-jair-messias-bolsonaro","category-jordi-lara-surinyach","category-jorge-aniceto-molinari","category-jose-alberto-mujica-cordano-pepe-mujica","category-justicia","category-llibertat","category-llibertat-dexpressio","category-lluis-maria-xirinacs","category-lluis-ignasi-pastrana-icart","category-luiz-inacio-lula-da-silva","category-madrid","category-manifestacions","category-mauricio-macri","category-nicolas-maduro-moros","category-no-violencia","category-onu","category-paraguai","category-presentacions-presentaciones","category-tarragona","category-textos-en-castellano","category-texts-en-catala","category-the-intercept","category-uruguai","category-venecuela","category-victor-pougy","category-vladimir-ilitx-ulianov-lenin"],"views":402,"jetpack_featured_media_url":"","jetpack_sharing_enabled":true,"_links":{"self":[{"href":"https:\/\/bardina.blog.pangea.org\/es\/wp-json\/wp\/v2\/posts\/2389","targetHints":{"allow":["GET"]}}],"collection":[{"href":"https:\/\/bardina.blog.pangea.org\/es\/wp-json\/wp\/v2\/posts"}],"about":[{"href":"https:\/\/bardina.blog.pangea.org\/es\/wp-json\/wp\/v2\/types\/post"}],"author":[{"embeddable":true,"href":"https:\/\/bardina.blog.pangea.org\/es\/wp-json\/wp\/v2\/users\/106"}],"replies":[{"embeddable":true,"href":"https:\/\/bardina.blog.pangea.org\/es\/wp-json\/wp\/v2\/comments?post=2389"}],"version-history":[{"count":1,"href":"https:\/\/bardina.blog.pangea.org\/es\/wp-json\/wp\/v2\/posts\/2389\/revisions"}],"predecessor-version":[{"id":2390,"href":"https:\/\/bardina.blog.pangea.org\/es\/wp-json\/wp\/v2\/posts\/2389\/revisions\/2390"}],"wp:attachment":[{"href":"https:\/\/bardina.blog.pangea.org\/es\/wp-json\/wp\/v2\/media?parent=2389"}],"wp:term":[{"taxonomy":"category","embeddable":true,"href":"https:\/\/bardina.blog.pangea.org\/es\/wp-json\/wp\/v2\/categories?post=2389"},{"taxonomy":"post_tag","embeddable":true,"href":"https:\/\/bardina.blog.pangea.org\/es\/wp-json\/wp\/v2\/tags?post=2389"}],"curies":[{"name":"wp","href":"https:\/\/api.w.org\/{rel}","templated":true}]}}