{"id":61,"date":"2009-10-26T00:19:39","date_gmt":"2009-10-25T22:19:39","guid":{"rendered":"http:\/\/bardina.blog.pangea.org\/?p=61"},"modified":"2014-01-22T15:26:05","modified_gmt":"2014-01-22T13:26:05","slug":"aprenem-dels-indis-i-dels-esquimals","status":"publish","type":"post","link":"https:\/\/bardina.blog.pangea.org\/es\/2009\/10\/26\/aprenem-dels-indis-i-dels-esquimals\/","title":{"rendered":"Aprendamos de los indios y de los esquimales"},"content":{"rendered":"<p><\/p>\n<p style=\"text-align: justify\">Cuando solamente hace cuatro d\u00edas que nos han informado de la presencia de un lobo en el \u00abParc Natural del Cad\u00ed-Moixer\u00f3\u00bb, <!--more-->ya se han levantado voces de rechazo de la gente del pa\u00eds como si del mism\u00edsimo demonio se tratara. Lamentablemente, esto demuestra que a\u00fan hemos de andar mucho trecho para lograr el grado de cultura necesaria para entender que la biodiversidad es imprescindible para que todo el mundo pueda vivir en libertad y a la vez beneficiarnos y disfrutar todos de ella. Recordemos aquel eslogan que acu\u00f1amos cuando se reintrodujo el oso en los Pirineos: \u00ab<strong>Aceptar el oso es aceptar a los otros, la \u00fanica riqueza aut\u00e9ntica es la biodiversidad<\/strong>\u00bb Aqu\u00ed solamente hemos de cambiar oso por lobo.<\/p>\n<p style=\"text-align: justify\">Ahora nos viene como anillo al dedo reproducir el escrito que <strong>Agust\u00ed Chalaux de Subir\u00e0<\/strong> public\u00f3 en el a\u00f1o 1999 en la web del \u00ab<strong>Centre d&#8217;Estudis Joan Bardina<\/strong>\u00bb.<\/p>\n<p style=\"text-align: justify\"><strong>Protecci\u00f3n de las especies animales depredadoras. <\/strong><\/p>\n<p style=\"text-align: justify\">Una vez el Parlamento del Canad\u00e1 decidi\u00f3 aprobar una ley para la eliminaci\u00f3n total de los lobos de su pa\u00eds.<\/p>\n<p style=\"text-align: justify\">El gobierno canadiense, antes de aplicar esta ley, quiso saber la opini\u00f3n de los ind\u00edgenas indios y esquimales y llam\u00f3 a un jefe de la polic\u00eda montada para poder contactar con sus representantes.<\/p>\n<p style=\"text-align: justify\">Este oficial convino un d\u00eda para encontrarse en un lugar. Lleg\u00f3 en aquel lugar y vio que, donde \u00e9l quer\u00eda poner la tienda de campa\u00f1a, hab\u00eda un camino de lobos. De una manera deliberada y provocativa puso su tienda en medio de este camino.<\/p>\n<p style=\"text-align: justify\">Cuando llegaron los lobos, el lobo dominante se lo pens\u00f3 y se sent\u00f3. Al cabo de un cierto tiempo, decidi\u00f3 dar la vuelta a la tienda de campa\u00f1a. El oficial, en su tienda, y la lobada vivieron en paz y tranquilidad.<\/p>\n<p style=\"text-align: justify\">Lleg\u00f3 un momento en que a este oficial se le acabaron los alimentos, y \u00e9l no llevaba armas. Pero vio que una loba, de tanto en tanto, cog\u00eda alguna cosa y se la com\u00eda. El oficial se dio cuenta que aquello que cog\u00eda la loba eran ratoncitos y decidi\u00f3 cazar y comer ratoncitos.<\/p>\n<p style=\"text-align: justify\">Cuando lleg\u00f3 su primer invitado, \u00e9ste lo ri\u00f1\u00f3 diciendo que comer ratoncitos disminu\u00eda la virilidad de quien se los com\u00eda y le dijo que no hac\u00eda falta que los cazara porque \u00e9l llevaba comida para los dos.<\/p>\n<p style=\"text-align: justify\">Entonces empezaron a hablar de los lobos. El oficial le explic\u00f3 para qu\u00e9 el gobierno canadiense le hab\u00eda enviado, como consecuencia de la nueva ley, y el indio le respondi\u00f3 que no matasen a los lobos, porque los indios los necesitaban.<\/p>\n<p style=\"text-align: justify\">El oficial le pregunt\u00f3 porqu\u00e9, y el indio le contest\u00f3 que ma\u00f1ana ver\u00eda como se comportaban los lobos y que \u00e9l mismo sacar\u00eda sus conclusiones.<\/p>\n<p style=\"text-align: justify\">Al d\u00eda siguiente fueron los dos a una monta\u00f1a que dominaba un valle lleno de carib\u00fas, que son unos ciervos muy peque\u00f1os. Enfrente de donde ellos estaban hab\u00eda una manada de lobos, con un lobo dominante y varios lobeznos. Durante todo el d\u00eda no hicieron otra cosa que bostezar, dormir y jugar entre ellos.<\/p>\n<p style=\"text-align: justify\">Cuando lleg\u00f3 el momento en que el reba\u00f1o de carib\u00fas se marchase, como siempre lo hicieron saliendo disparados. Los reba\u00f1os de carib\u00fas suelen ser de unas cuantos miles de cabezas y, para marcharse, necesitan un poco de tiempo.<\/p>\n<p style=\"text-align: justify\">Cuando los carib\u00fas empezaron a huir, los lobos se despertaron y siguieron las incidencias de su huida con mucha atenci\u00f3n. Cuando la huida ya llegaba a su fin, los lobos se lanzaron sobre los carib\u00fas que no pod\u00edan correr con el reba\u00f1o y los mataron.<\/p>\n<p style=\"text-align: justify\">Fue entonces que el indio dijo al oficial: \u00ab\u00bfLo ves?. Los lobos son nuestros veterinarios y s\u00f3lo atacan a los enfermos, los inv\u00e1lidos, los que no pueden seguir al reba\u00f1o. De esta manera, estamos seguros que, al matar un carib\u00fa de un reba\u00f1o cualquiera, comemos carne muy buena y no carne de carib\u00fas enfermos o poco alimentados por inv\u00e1lidos. As\u00ed es que no mat\u00e9is a los lobos, porque nosotros los necesitamos\u00bb.<\/p>\n<p style=\"text-align: justify\">Al cabo de unos pocos d\u00edas vino el esquimal y le dijo lo mismo.<\/p>\n<p style=\"text-align: justify\">A resultas de esta encuesta del oficial canadiense el gobierno hizo entender al Parlamento que cambiase esta ley, pero en el sentido que quer\u00edan las tribus que viv\u00edan de la caza en los inmensos pastos del Canad\u00e1 n\u00f3rdico, evitando que se matasen sistem\u00e1ticamente los lobos.<\/p>\n<p style=\"text-align: justify\">Este es un caso t\u00edpico de a d\u00f3nde lleva la persecuci\u00f3n sistem\u00e1tica de los lobos en un pa\u00eds en que se los quiere proteger contra la opini\u00f3n de los ganaderos aut\u00f3ctonos.<\/p>\n<p style=\"text-align: right\"><strong>Joan Ferrer i Sirvent.<\/strong><br \/>\nLa Borda d&#8217;Urtx 17538 Urtx (Girona).<\/p>\n<p><\/p>","protected":false},"excerpt":{"rendered":"<p>Cuando solamente hace cuatro d\u00edas que nos han informado de la presencia de un lobo en el \u00abParc Natural del Cad\u00ed-Moixer\u00f3\u00bb,<\/p>\n","protected":false},"author":106,"featured_media":0,"comment_status":"open","ping_status":"open","sticky":false,"template":"","format":"standard","meta":{"_jetpack_memberships_contains_paid_content":false,"footnotes":""},"categories":[274,277,18120,17903,17620],"tags":[],"class_list":["post-61","post","type-post","status-publish","format-standard","hentry","category-agusti-chalaux","category-ecologia","category-joan-ferrer","category-textos-en-castellano","category-texts-en-catala"],"views":565,"jetpack_featured_media_url":"","jetpack_sharing_enabled":true,"_links":{"self":[{"href":"https:\/\/bardina.blog.pangea.org\/es\/wp-json\/wp\/v2\/posts\/61","targetHints":{"allow":["GET"]}}],"collection":[{"href":"https:\/\/bardina.blog.pangea.org\/es\/wp-json\/wp\/v2\/posts"}],"about":[{"href":"https:\/\/bardina.blog.pangea.org\/es\/wp-json\/wp\/v2\/types\/post"}],"author":[{"embeddable":true,"href":"https:\/\/bardina.blog.pangea.org\/es\/wp-json\/wp\/v2\/users\/106"}],"replies":[{"embeddable":true,"href":"https:\/\/bardina.blog.pangea.org\/es\/wp-json\/wp\/v2\/comments?post=61"}],"version-history":[{"count":17,"href":"https:\/\/bardina.blog.pangea.org\/es\/wp-json\/wp\/v2\/posts\/61\/revisions"}],"predecessor-version":[{"id":2079,"href":"https:\/\/bardina.blog.pangea.org\/es\/wp-json\/wp\/v2\/posts\/61\/revisions\/2079"}],"wp:attachment":[{"href":"https:\/\/bardina.blog.pangea.org\/es\/wp-json\/wp\/v2\/media?parent=61"}],"wp:term":[{"taxonomy":"category","embeddable":true,"href":"https:\/\/bardina.blog.pangea.org\/es\/wp-json\/wp\/v2\/categories?post=61"},{"taxonomy":"post_tag","embeddable":true,"href":"https:\/\/bardina.blog.pangea.org\/es\/wp-json\/wp\/v2\/tags?post=61"}],"curies":[{"name":"wp","href":"https:\/\/api.w.org\/{rel}","templated":true}]}}