{"id":1981,"date":"2014-01-15T19:52:23","date_gmt":"2014-01-15T17:52:23","guid":{"rendered":"http:\/\/bardina.blog.pangea.org\/?p=1981"},"modified":"2014-03-08T18:54:19","modified_gmt":"2014-03-08T16:54:19","slug":"la-piramide-politica-planetaria","status":"publish","type":"post","link":"https:\/\/bardina.blog.pangea.org\/it\/2014\/01\/15\/la-piramide-politica-planetaria\/","title":{"rendered":"La piramide politica planetaria"},"content":{"rendered":"<p><\/p>\n<p align=\"center\"><strong>La piramide politica planetaria.<\/strong><\/p>\n<p align=\"justify\"><a href=\"http:\/\/bardina.blog.pangea.org\/files\/2014\/01\/Piramides_Egipte_sota_el_Sol.jpg\"><img loading=\"lazy\" decoding=\"async\" class=\"alignleft\" alt=\"Piramidi d'Egitto sotto il sole.\" src=\"http:\/\/bardina.blog.pangea.org\/files\/2014\/01\/Piramides_Egipte_sota_el_Sol.jpg\" width=\"290\" height=\"174\" \/><\/a>Alexandre Deulofeu (1903-1978) affermava che tutti i popoli della terra vivono entro culture che percorrono delle fasi alterne, dapprima di frammentazione e poi di unificazione. La vera nuova creazione artistica, filosofica e scientifica <!--more-->ha luogo durante le fasi di frammentazione, mentre che durante le fasi di unificazione non c\u2019\u00e8 una vera nuova creazione, e questa creazione si distribuisce lungo tutto il territorio raggiunto da quella cultura.<\/p>\n<p align=\"justify\">Egli diceva anche che gli imperi hanno una durata limitata di cinque secoli e mezzo circa.<\/p>\n<p align=\"justify\">Ci\u00f2 significa che entrambe le tappe sono necessarie per lo sviluppo dell\u2019umanit\u00e0. Significa pure che le strutture politiche delle nazioni sono mutevoli, e che le guerre sono solite accadere a causa della resistenza a questi cambiamenti.<\/p>\n<p align=\"justify\">Il Deulofeu diceva che \u00e8 necessario che i cicli degli imperi e delle civilt\u00e0, invece di succedersi in modo violento, finiscano col farlo in modo pacifico, e il miglior modo di farlo sarebbe attraverso la confederazione mondiale dei popoli liberi.<\/p>\n<p align=\"justify\">La confederazione mondiale di popoli liberi \u00e8 costituita da una piramide politica planetaria dove, alla base, abbiamo gli individui, a un livello superiore le nazioni, sopra di queste i continenti e nel vertice superiore tutto il mondo. Questo sarebbe il culmine del processo politico dell\u2019umanit\u00e0 sul nostro pianeta.<\/p>\n<p align=\"justify\">Ogni individuo \u00e8 rappresentato nella sua nazione, ogni nazione \u00e8 rappresentata nel suo continente, e tutti i continenti sono rappresentati nel mondo. Nessun individuo sta al di sopra di un altro, nessuna nazione \u00e8 superiore ad un\u2019altra, nessun continente sta al di sopra di un altro, ci sono soltanto individui, nazioni e continenti pi\u00f9 o meno evoluti gli uni rispetto agli altri.<\/p>\n<p align=\"justify\">L\u2019Unione Europea pu\u00f2 un giorno diventare una vera confederazione continentale di popoli liberi, se tutte le sue nazioni senza eccezione vi saranno rappresentate. Ognuna potr\u00e0 apportare al gruppo, con la sua propria voce, le sue soluzioni originali per l\u2019insieme delle nazioni d\u2019Europa. Una giustizia europea potr\u00e0 risolvere i conflitti fra le nazioni allo stesso modo che la giustizia di ogni nazione risolve i conflitti fra gli individui.<\/p>\n<p align=\"justify\">Entro una confederazione continentale di popoli liberi, y cambiamenti interni delle frontiere amministrative non colpirebbero il buon funzionamento dell\u2019insieme, anzi. Nel ritmo lento dei cicli degli imperi e delle civilt\u00e0, in alcuni casi si realizzerebbero delle unioni locali, in altri delle separazioni locali, secondo la decisione degli individui che fanno parte della comunit\u00e0 che debba prendere la decisione di unirsi o di separarsi.<\/p>\n<p align=\"justify\">Non sar\u00e0 soltanto il continente europeo a doversi organizzare in questo modo, ma anche il resto dei continenti, sotto forma di confederazioni, che dovranno avere una misura sufficiente perch\u00e9 tutte le nazioni che vi convivano siano rappresentate dentro gli organi comuni di decisione.<\/p>\n<p align=\"justify\">I valori di libert\u00e0, eguaglianza e fratellanza fra gli individui saranno completati dai valori di libert\u00e0, eguaglianza e fratellanza delle nazioni ed anche dei continenti. In questo modo si allontaneranno le nazioni e i continenti da guerre e interventi arbitrari provenienti dall\u2019esterno. Tutte le nazioni avranno la loro libert\u00e0 rispetto al predominio delle altre, tutte le nazioni saranno rappresentate in eguaglianza negli organi comuni di decisione, tutte le nazioni si aiuteranno amichevolmente in quello di cui ogni altra nazione possa avere bisogno, e parteciperanno fraternamente nel proietto politico comune.<\/p>\n<p align=\"justify\">Questa meta implica che tutte le energie umane che erano state impiegate per farsi la guerra gli uni contro gli altri, una nazione contro un\u2019altra, un continente contro un altro, si destineranno per far progredire l\u2019umanit\u00e0 in tutti gli ambiti delle sue attivit\u00e0, sempre rispettando la Natura dalla quale dipende tutta la umanit\u00e0.<\/p>\n<p align=\"justify\">\u00c8 un\u2019ipotesi di lavoro, nella quale si dovr\u00e0 dimostrare pubblicamente che il giorno in cui vengano bandite le guerre e si raggiunga questa meta della confederazione mondiale di popoli liberi, ci renderemo conto (capiremo) che la piramide non finisce nei confini limitati del nostro pianeta, e allora meriteremo di far parte di una struttura politica che va oltre le frontiere dello spazio.<\/p>\n<p align=\"justify\">Forse per questo gli antichi ci indicavano il cammino per mezzo di piramidi in pietra, che ancora oggi non siamo capaci di riprodurre. Forse per questo la piramide politica planetaria \u00e8 la nostra porta alle stelle.<\/p>\n<p align=\"right\">Brauli Tamarit Tamarit.<\/p>\n<p align=\"right\">Marted\u00ec, 14 gennaio 2014.<\/p>\n<p align=\"right\">Traduzione: Loto Perrella.<\/p>\n<p><\/p>","protected":false},"excerpt":{"rendered":"<p>La piramide politica planetaria. Alexandre Deulofeu (1903-1978) affermava che tutti i popoli della terra vivono entro culture che percorrono delle fasi alterne, dapprima di frammentazione e poi di unificazione. La vera nuova creazione artistica, filosofica e scientifica<\/p>\n","protected":false},"author":106,"featured_media":0,"comment_status":"open","ping_status":"open","sticky":false,"template":"","format":"standard","meta":{"_jetpack_memberships_contains_paid_content":false,"footnotes":""},"categories":[18445,18456,5377,5342,10950,22724,211,17903,17620,22709,244,19733],"tags":[],"class_list":["post-1981","post","type-post","status-publish","format-standard","hentry","category-alexandre-deulofeu","category-confederacio-mundial-confederacion-mundial","category-europa","category-pau","category-politica","category-texts-en-alemany","category-texts-in-english","category-textos-en-castellano","category-texts-en-catala","category-texts-en-esperanto","category-textes-en-francais","category-texts-en-italia"],"views":790,"jetpack_featured_media_url":"","jetpack_sharing_enabled":true,"_links":{"self":[{"href":"https:\/\/bardina.blog.pangea.org\/it\/wp-json\/wp\/v2\/posts\/1981","targetHints":{"allow":["GET"]}}],"collection":[{"href":"https:\/\/bardina.blog.pangea.org\/it\/wp-json\/wp\/v2\/posts"}],"about":[{"href":"https:\/\/bardina.blog.pangea.org\/it\/wp-json\/wp\/v2\/types\/post"}],"author":[{"embeddable":true,"href":"https:\/\/bardina.blog.pangea.org\/it\/wp-json\/wp\/v2\/users\/106"}],"replies":[{"embeddable":true,"href":"https:\/\/bardina.blog.pangea.org\/it\/wp-json\/wp\/v2\/comments?post=1981"}],"version-history":[{"count":16,"href":"https:\/\/bardina.blog.pangea.org\/it\/wp-json\/wp\/v2\/posts\/1981\/revisions"}],"predecessor-version":[{"id":2136,"href":"https:\/\/bardina.blog.pangea.org\/it\/wp-json\/wp\/v2\/posts\/1981\/revisions\/2136"}],"wp:attachment":[{"href":"https:\/\/bardina.blog.pangea.org\/it\/wp-json\/wp\/v2\/media?parent=1981"}],"wp:term":[{"taxonomy":"category","embeddable":true,"href":"https:\/\/bardina.blog.pangea.org\/it\/wp-json\/wp\/v2\/categories?post=1981"},{"taxonomy":"post_tag","embeddable":true,"href":"https:\/\/bardina.blog.pangea.org\/it\/wp-json\/wp\/v2\/tags?post=1981"}],"curies":[{"name":"wp","href":"https:\/\/api.w.org\/{rel}","templated":true}]}}