{"id":2234,"date":"2018-01-24T23:04:56","date_gmt":"2018-01-24T21:04:56","guid":{"rendered":"http:\/\/bardina.blog.pangea.org\/?p=2234"},"modified":"2018-01-24T23:04:56","modified_gmt":"2018-01-24T21:04:56","slug":"presentacio-la-traicio-dels-liders-11-articles-mes-del-xiri-2-articles-de-dolors-marin-carta-oberta-per-gorka-knorr-entrevista-a-judit-casas-de-som-energia-simposi-d","status":"publish","type":"post","link":"https:\/\/bardina.blog.pangea.org\/it\/2018\/01\/24\/presentacio-la-traicio-dels-liders-11-articles-mes-del-xiri-2-articles-de-dolors-marin-carta-oberta-per-gorka-knorr-entrevista-a-judit-casas-de-som-energia-simposi-d\/","title":{"rendered":"(Catal\u00e0) Presentaci\u00f3 \u00abLa tra\u00efci\u00f3 dels l\u00edders\u00bb. 11 articles m\u00e9s del Xiri. 2 articles de Dolors Marin. Carta oberta per Gorka Kn\u00f6rr. Entrevista a Judit Casas, de \u00abSom Energia\u00bb. Simposi d\u2019Interioritat Compromesa."},"content":{"rendered":"<p class=\"qtranxs-available-languages-message qtranxs-available-languages-message-it\">Ci spiace, ma questo articolo \u00e8 disponibile soltanto in <a href=\"https:\/\/bardina.blog.pangea.org\/ca\/wp-json\/wp\/v2\/posts\/2234\" class=\"qtranxs-available-language-link qtranxs-available-language-link-ca\" title=\"Catal\u00e0\">Catal\u00e0<\/a> e <a href=\"https:\/\/bardina.blog.pangea.org\/es\/wp-json\/wp\/v2\/posts\/2234\" class=\"qtranxs-available-language-link qtranxs-available-language-link-es\" title=\"Castellano\">Castellano<\/a>.<\/p>","protected":false},"excerpt":{"rendered":"<p>Ci spiace, ma questo articolo \u00e8 disponibile soltanto in Catal\u00e0 e Castellano.<\/p>\n","protected":false},"author":1870,"featured_media":0,"comment_status":"open","ping_status":"open","sticky":false,"template":"","format":"standard","meta":{"_jetpack_memberships_contains_paid_content":false,"footnotes":""},"categories":[39267,39205,39261,18486,252,39270,18446,39271,39124,39256,18478,39276,39258,39266,18479,39274,39265,39259,39273,18452,39263,39272,39275,39268,39125,39257,18115,39255,39260,39262,39121,39264,39269],"tags":[],"class_list":["post-2234","post","type-post","status-publish","format-standard","hentry","category-agnes-ramos","category-amnistia","category-antoni-aceves-diaz","category-assemblees-asambleas","category-barcelona","category-berta-meneses","category-brauli-tamarit","category-brigitte-hansmann","category-dolors-marin-tuya","category-fundacio-ineval","category-fundacio-randa-lluis-m-xirinacs","category-fundacio-valors-humans","category-gorka-knorr","category-idili-lizcano","category-jordi-griera","category-jose-luis-escorihuela","category-josep-maria-mallarach","category-judit-casas","category-lluis-botinas-montell","category-lluis-maria-xirinacs","category-marlene-wind","category-marta-burguet","category-natxo-tarres","category-nil-roda","category-nuria-roig-esteve","category-plural-21","category-presentacions-presentaciones","category-simposis","category-som-energia","category-universitat-de-copenhague","category-veritat-historica","category-xavier-guix","category-xavier-melloni"],"views":616,"jetpack_featured_media_url":"","jetpack_sharing_enabled":true,"_links":{"self":[{"href":"https:\/\/bardina.blog.pangea.org\/it\/wp-json\/wp\/v2\/posts\/2234","targetHints":{"allow":["GET"]}}],"collection":[{"href":"https:\/\/bardina.blog.pangea.org\/it\/wp-json\/wp\/v2\/posts"}],"about":[{"href":"https:\/\/bardina.blog.pangea.org\/it\/wp-json\/wp\/v2\/types\/post"}],"author":[{"embeddable":true,"href":"https:\/\/bardina.blog.pangea.org\/it\/wp-json\/wp\/v2\/users\/1870"}],"replies":[{"embeddable":true,"href":"https:\/\/bardina.blog.pangea.org\/it\/wp-json\/wp\/v2\/comments?post=2234"}],"version-history":[{"count":1,"href":"https:\/\/bardina.blog.pangea.org\/it\/wp-json\/wp\/v2\/posts\/2234\/revisions"}],"predecessor-version":[{"id":2235,"href":"https:\/\/bardina.blog.pangea.org\/it\/wp-json\/wp\/v2\/posts\/2234\/revisions\/2235"}],"wp:attachment":[{"href":"https:\/\/bardina.blog.pangea.org\/it\/wp-json\/wp\/v2\/media?parent=2234"}],"wp:term":[{"taxonomy":"category","embeddable":true,"href":"https:\/\/bardina.blog.pangea.org\/it\/wp-json\/wp\/v2\/categories?post=2234"},{"taxonomy":"post_tag","embeddable":true,"href":"https:\/\/bardina.blog.pangea.org\/it\/wp-json\/wp\/v2\/tags?post=2234"}],"curies":[{"name":"wp","href":"https:\/\/api.w.org\/{rel}","templated":true}]}}