{"id":2331,"date":"2018-12-02T18:41:18","date_gmt":"2018-12-02T16:41:18","guid":{"rendered":"http:\/\/bardina.blog.pangea.org\/?p=2331"},"modified":"2018-12-02T18:41:18","modified_gmt":"2018-12-02T16:41:18","slug":"10-articles-mes-del-xiri-vaga-de-fam-la-reunificacio-catalana-escrit-de-francesc-macia-article-de-jorge-molinari-llista-de-correu","status":"publish","type":"post","link":"https:\/\/bardina.blog.pangea.org\/it\/2018\/12\/02\/10-articles-mes-del-xiri-vaga-de-fam-la-reunificacio-catalana-escrit-de-francesc-macia-article-de-jorge-molinari-llista-de-correu\/","title":{"rendered":"(Catal\u00e0) 10 articles m\u00e9s del Xiri. Vaga de fam. La reunificaci\u00f3 catalana. Escrit de Francesc Maci\u00e0. Article de Jorge Molinari. Llista de correu."},"content":{"rendered":"<p class=\"qtranxs-available-languages-message qtranxs-available-languages-message-it\">Ci spiace, ma questo articolo \u00e8 disponibile soltanto in <a href=\"https:\/\/bardina.blog.pangea.org\/ca\/wp-json\/wp\/v2\/posts\/2331\" class=\"qtranxs-available-language-link qtranxs-available-language-link-ca\" title=\"Catal\u00e0\">Catal\u00e0<\/a> e <a href=\"https:\/\/bardina.blog.pangea.org\/es\/wp-json\/wp\/v2\/posts\/2331\" class=\"qtranxs-available-language-link qtranxs-available-language-link-es\" title=\"Castellano\">Castellano<\/a>.<\/p>","protected":false},"excerpt":{"rendered":"<p>Ci spiace, ma questo articolo \u00e8 disponibile soltanto in Catal\u00e0 e Castellano.<\/p>\n","protected":false},"author":1870,"featured_media":0,"comment_status":"open","ping_status":"open","sticky":false,"template":"","format":"standard","meta":{"_jetpack_memberships_contains_paid_content":false,"footnotes":""},"categories":[41442,39314,39227,39145,39124,270,118011,19687,118008,118009,18426,118016,19713,18439,117974,18452,18447,39168,18443,22722,118010,39279,118013,118015,39154,118012],"tags":[],"class_list":["post-2331","post","type-post","status-publish","format-standard","hentry","category-atur","category-bruselles","category-democracia","category-democracia-directa","category-dolors-marin-tuya","category-economia","category-francesc-macia-llussa","category-iniciativa-legislativa-popular","category-jordi-sanchez-picanyol","category-jordi-turull-negre","category-jorge-aniceto-molinari","category-jose-manuel-garcia-del-valle-irala","category-justicia","category-legislacio-legislacion","category-lluis-fenollosa","category-lluis-maria-xirinacs","category-marti-olivella","category-mohandas-karamchand-gandhi","category-no-violencia","category-pepe-beunza","category-romain-rolland","category-sindicalisme","category-taxa-tobin","category-tribunal-constitucional-espanyol","category-uruguai","category-vaga-de-fam"],"views":252,"jetpack_featured_media_url":"","jetpack_sharing_enabled":true,"_links":{"self":[{"href":"https:\/\/bardina.blog.pangea.org\/it\/wp-json\/wp\/v2\/posts\/2331","targetHints":{"allow":["GET"]}}],"collection":[{"href":"https:\/\/bardina.blog.pangea.org\/it\/wp-json\/wp\/v2\/posts"}],"about":[{"href":"https:\/\/bardina.blog.pangea.org\/it\/wp-json\/wp\/v2\/types\/post"}],"author":[{"embeddable":true,"href":"https:\/\/bardina.blog.pangea.org\/it\/wp-json\/wp\/v2\/users\/1870"}],"replies":[{"embeddable":true,"href":"https:\/\/bardina.blog.pangea.org\/it\/wp-json\/wp\/v2\/comments?post=2331"}],"version-history":[{"count":1,"href":"https:\/\/bardina.blog.pangea.org\/it\/wp-json\/wp\/v2\/posts\/2331\/revisions"}],"predecessor-version":[{"id":2332,"href":"https:\/\/bardina.blog.pangea.org\/it\/wp-json\/wp\/v2\/posts\/2331\/revisions\/2332"}],"wp:attachment":[{"href":"https:\/\/bardina.blog.pangea.org\/it\/wp-json\/wp\/v2\/media?parent=2331"}],"wp:term":[{"taxonomy":"category","embeddable":true,"href":"https:\/\/bardina.blog.pangea.org\/it\/wp-json\/wp\/v2\/categories?post=2331"},{"taxonomy":"post_tag","embeddable":true,"href":"https:\/\/bardina.blog.pangea.org\/it\/wp-json\/wp\/v2\/tags?post=2331"}],"curies":[{"name":"wp","href":"https:\/\/api.w.org\/{rel}","templated":true}]}}